{"id":7350,"date":"2026-04-30T13:40:39","date_gmt":"2026-04-30T17:40:39","guid":{"rendered":"https:\/\/fondationduchum.com\/?p=7350"},"modified":"2026-04-30T14:43:36","modified_gmt":"2026-04-30T18:43:36","slug":"entre-deux-battements-2026","status":"publish","type":"post","link":"https:\/\/fondationduchum.com\/en\/news\/entre-deux-battements-2026\/","title":{"rendered":"Entre deux battements: A powerful first edition"},"content":{"rendered":"\n<p>On April 24, the CHUM Foundation\u2019s Leaders of Tomorrow Committee presented the very first edition of <em>Entre deux battements<\/em> at FOIL Gallery.<\/p>\n\n\n\n<p>This evening was more than just an event, it was experience\u2014a suspended moment where art and human stories intersect, inviting guests to pause, feel, listen and reconnect with what truly matters.<\/p>\n\n\n\n<p>In an atmosphere that was both festive and immersive, guests enjoyed a dynamic program featuring music, meaningful exchanges and curated culinary discoveries.<\/p>\n\n\n\n<p><strong>Thanks to the generosity and engagement of attendees, a total of $97,350 was raised in support of care, research and innovation at CHUM.<\/strong><\/p>\n\n\n\n<h2 class=\"wp-block-heading\">An immersive experience rooted in real stories<\/h2>\n\n\n\n<p>The featured works were moving and thought-provoking. Created from the testimonies of CHUM patients, they articulated that fragile, yet powerful moment between two heartbeats, when everything can change.<\/p>\n\n\n\n<p><em>Entre deux battements<\/em> also incorporated an original text by singer-songwriter C\u0153ur de pirate, adding another layer of depth and emotion to the evening.<\/p>\n\n\n\n<figure class=\"wp-block-gallery has-nested-images columns-default is-cropped wp-block-gallery-1 is-layout-flex wp-block-gallery-is-layout-flex\">\n<figure class=\"wp-block-image size-large\"><img decoding=\"async\" width=\"819\" height=\"1024\" data-id=\"7345\" src=\"https:\/\/fondationduchum.com\/wp-content\/uploads\/2026\/04\/raisonnable_chumfoil0037-819x1024.jpg\" alt=\"Entre deux battements, soir\u00e9e du comit\u00e9 rel\u00e8ve de la fondation du chum\" class=\"wp-image-7345\" srcset=\"https:\/\/fondationduchum.com\/wp-content\/uploads\/2026\/04\/raisonnable_chumfoil0037-819x1024.jpg 819w, https:\/\/fondationduchum.com\/wp-content\/uploads\/2026\/04\/raisonnable_chumfoil0037-240x300.jpg 240w, https:\/\/fondationduchum.com\/wp-content\/uploads\/2026\/04\/raisonnable_chumfoil0037-768x960.jpg 768w, https:\/\/fondationduchum.com\/wp-content\/uploads\/2026\/04\/raisonnable_chumfoil0037-1229x1536.jpg 1229w, https:\/\/fondationduchum.com\/wp-content\/uploads\/2026\/04\/raisonnable_chumfoil0037-1638x2048.jpg 1638w, https:\/\/fondationduchum.com\/wp-content\/uploads\/2026\/04\/raisonnable_chumfoil0037-scaled.jpg 2048w\" sizes=\"(max-width: 819px) 100vw, 819px\" \/><\/figure>\n\n\n\n<figure class=\"wp-block-image size-large\"><img decoding=\"async\" width=\"819\" height=\"1024\" data-id=\"7343\" src=\"https:\/\/fondationduchum.com\/wp-content\/uploads\/2026\/04\/raisonnable_chumfoil0048-819x1024.jpg\" alt=\"Entre deux battements, soir\u00e9e du comit\u00e9 rel\u00e8ve de la fondation du chum\" class=\"wp-image-7343\" srcset=\"https:\/\/fondationduchum.com\/wp-content\/uploads\/2026\/04\/raisonnable_chumfoil0048-819x1024.jpg 819w, https:\/\/fondationduchum.com\/wp-content\/uploads\/2026\/04\/raisonnable_chumfoil0048-240x300.jpg 240w, https:\/\/fondationduchum.com\/wp-content\/uploads\/2026\/04\/raisonnable_chumfoil0048-768x960.jpg 768w, https:\/\/fondationduchum.com\/wp-content\/uploads\/2026\/04\/raisonnable_chumfoil0048-1229x1536.jpg 1229w, https:\/\/fondationduchum.com\/wp-content\/uploads\/2026\/04\/raisonnable_chumfoil0048-1638x2048.jpg 1638w, https:\/\/fondationduchum.com\/wp-content\/uploads\/2026\/04\/raisonnable_chumfoil0048-scaled.jpg 2048w\" sizes=\"(max-width: 819px) 100vw, 819px\" \/><\/figure>\n\n\n\n<figure class=\"wp-block-image size-large\"><img decoding=\"async\" width=\"1024\" height=\"768\" data-id=\"7341\" src=\"https:\/\/fondationduchum.com\/wp-content\/uploads\/2026\/04\/raisonnable_chumfoil0043-1024x768.jpg\" alt=\"Entre deux battements, soir\u00e9e du comit\u00e9 rel\u00e8ve de la fondation du chum\" class=\"wp-image-7341\" srcset=\"https:\/\/fondationduchum.com\/wp-content\/uploads\/2026\/04\/raisonnable_chumfoil0043-1024x768.jpg 1024w, https:\/\/fondationduchum.com\/wp-content\/uploads\/2026\/04\/raisonnable_chumfoil0043-300x225.jpg 300w, https:\/\/fondationduchum.com\/wp-content\/uploads\/2026\/04\/raisonnable_chumfoil0043-768x576.jpg 768w, https:\/\/fondationduchum.com\/wp-content\/uploads\/2026\/04\/raisonnable_chumfoil0043-1536x1152.jpg 1536w, https:\/\/fondationduchum.com\/wp-content\/uploads\/2026\/04\/raisonnable_chumfoil0043-2048x1536.jpg 2048w\" sizes=\"(max-width: 1024px) 100vw, 1024px\" \/><\/figure>\n\n\n\n<figure class=\"wp-block-image size-large\"><img decoding=\"async\" width=\"819\" height=\"1024\" data-id=\"7339\" src=\"https:\/\/fondationduchum.com\/wp-content\/uploads\/2026\/04\/raisonnable_chumfoil0051-819x1024.jpg\" alt=\"Entre deux battements, soir\u00e9e du comit\u00e9 rel\u00e8ve de la fondation du chum\" class=\"wp-image-7339\" srcset=\"https:\/\/fondationduchum.com\/wp-content\/uploads\/2026\/04\/raisonnable_chumfoil0051-819x1024.jpg 819w, https:\/\/fondationduchum.com\/wp-content\/uploads\/2026\/04\/raisonnable_chumfoil0051-240x300.jpg 240w, https:\/\/fondationduchum.com\/wp-content\/uploads\/2026\/04\/raisonnable_chumfoil0051-768x960.jpg 768w, https:\/\/fondationduchum.com\/wp-content\/uploads\/2026\/04\/raisonnable_chumfoil0051-1229x1536.jpg 1229w, https:\/\/fondationduchum.com\/wp-content\/uploads\/2026\/04\/raisonnable_chumfoil0051-1638x2048.jpg 1638w, https:\/\/fondationduchum.com\/wp-content\/uploads\/2026\/04\/raisonnable_chumfoil0051-scaled.jpg 2048w\" sizes=\"(max-width: 819px) 100vw, 819px\" \/><\/figure>\n\n\n\n<figure class=\"wp-block-image size-large\"><img decoding=\"async\" width=\"1024\" height=\"819\" data-id=\"7337\" src=\"https:\/\/fondationduchum.com\/wp-content\/uploads\/2026\/04\/raisonnable_chumfoil0016-1024x819.jpg\" alt=\"Entre deux battements, soir\u00e9e du comit\u00e9 rel\u00e8ve de la fondation du chum\" class=\"wp-image-7337\" srcset=\"https:\/\/fondationduchum.com\/wp-content\/uploads\/2026\/04\/raisonnable_chumfoil0016-1024x819.jpg 1024w, https:\/\/fondationduchum.com\/wp-content\/uploads\/2026\/04\/raisonnable_chumfoil0016-300x240.jpg 300w, https:\/\/fondationduchum.com\/wp-content\/uploads\/2026\/04\/raisonnable_chumfoil0016-768x614.jpg 768w, https:\/\/fondationduchum.com\/wp-content\/uploads\/2026\/04\/raisonnable_chumfoil0016-1536x1229.jpg 1536w, https:\/\/fondationduchum.com\/wp-content\/uploads\/2026\/04\/raisonnable_chumfoil0016-2048x1638.jpg 2048w\" sizes=\"(max-width: 1024px) 100vw, 1024px\" \/><\/figure>\n\n\n\n<figure class=\"wp-block-image size-large\"><img decoding=\"async\" width=\"819\" height=\"1024\" data-id=\"7335\" src=\"https:\/\/fondationduchum.com\/wp-content\/uploads\/2026\/04\/raisonnable_chumfoil0077-2-819x1024.jpg\" alt=\"Entre deux battements, soir\u00e9e du comit\u00e9 rel\u00e8ve de la fondation du chum\" class=\"wp-image-7335\" srcset=\"https:\/\/fondationduchum.com\/wp-content\/uploads\/2026\/04\/raisonnable_chumfoil0077-2-819x1024.jpg 819w, https:\/\/fondationduchum.com\/wp-content\/uploads\/2026\/04\/raisonnable_chumfoil0077-2-240x300.jpg 240w, https:\/\/fondationduchum.com\/wp-content\/uploads\/2026\/04\/raisonnable_chumfoil0077-2-768x960.jpg 768w, https:\/\/fondationduchum.com\/wp-content\/uploads\/2026\/04\/raisonnable_chumfoil0077-2-1229x1536.jpg 1229w, https:\/\/fondationduchum.com\/wp-content\/uploads\/2026\/04\/raisonnable_chumfoil0077-2-1638x2048.jpg 1638w, https:\/\/fondationduchum.com\/wp-content\/uploads\/2026\/04\/raisonnable_chumfoil0077-2-scaled.jpg 2048w\" sizes=\"(max-width: 819px) 100vw, 819px\" \/><\/figure>\n\n\n\n<figure class=\"wp-block-image size-large\"><img decoding=\"async\" width=\"1024\" height=\"681\" data-id=\"7331\" src=\"https:\/\/fondationduchum.com\/wp-content\/uploads\/2026\/04\/MAT_0134-1024x681.jpg\" alt=\"Entre deux battements, soir\u00e9e du comit\u00e9 rel\u00e8ve de la fondation du chum\" class=\"wp-image-7331\" srcset=\"https:\/\/fondationduchum.com\/wp-content\/uploads\/2026\/04\/MAT_0134-1024x681.jpg 1024w, https:\/\/fondationduchum.com\/wp-content\/uploads\/2026\/04\/MAT_0134-300x200.jpg 300w, https:\/\/fondationduchum.com\/wp-content\/uploads\/2026\/04\/MAT_0134-768x511.jpg 768w, https:\/\/fondationduchum.com\/wp-content\/uploads\/2026\/04\/MAT_0134-1536x1022.jpg 1536w, https:\/\/fondationduchum.com\/wp-content\/uploads\/2026\/04\/MAT_0134-2048x1363.jpg 2048w\" sizes=\"(max-width: 1024px) 100vw, 1024px\" \/><\/figure>\n<\/figure>\n\n\n\n<h2 class=\"wp-block-heading\">A very real impact<\/h2>\n\n\n\n<p>While the event offered an unconventional experience, its impact is tangible. Funds raised will enable CHUM to continue pushing the boundaries of medicine by supporting care teams, leading-edge research and innovation\u2014benefiting the half a million patients treated each year.<\/p>\n\n\n\n<div class=\"wp-block-columns is-style-bottom-right-radius has-light-blue-background-color has-background is-layout-flex wp-container-core-columns-is-layout-28f84493 wp-block-columns-is-layout-flex\">\n<div class=\"wp-block-column is-layout-flow wp-block-column-is-layout-flow\" style=\"flex-basis:5px\"><\/div>\n\n\n\n<div class=\"wp-block-column has-light-blue-background-color has-background is-layout-flow wp-block-column-is-layout-flow\" style=\"flex-basis:90%\">\n<h3 class=\"wp-block-heading has-text-align-center\"><strong>Thank you to our engaged community<\/strong><\/h3>\n\n\n\n<p class=\"has-text-align-center\"><br>The CHUM Foundation extends its sincere thanks to all participants, artists, members of the Leaders of Tomorrow Committee and event partners.<\/p>\n\n\n\n<p class=\"has-text-align-center\">This first edition of Entre deux battements marks the beginning of a truly unique gathering.<\/p>\n\n\n\n<div class=\"wp-block-buttons is-content-justification-center is-layout-flex wp-container-core-buttons-is-layout-a89b3969 wp-block-buttons-is-layout-flex\">\n<div class=\"wp-block-button\"><a class=\"wp-block-button__link has-text-align-center wp-element-button\" href=\"https:\/\/fondationduchum.com\/en\/about\/foundation-allies\/leaders-of-tomorrow-committee\/\">Learn more about the Leaders of Tomorrow Committee<\/a><\/div>\n<\/div>\n<\/div>\n\n\n\n<div class=\"wp-block-column is-layout-flow wp-block-column-is-layout-flow\" style=\"flex-basis:5%\"><\/div>\n<\/div>\n\n\n\n<p><\/p>\n","protected":false},"excerpt":{"rendered":"<p>On April 24, the CHUM Foundation\u2019s Leaders of Tomorrow Committee presented the very first edition[&#8230;];<\/p>\n","protected":false},"author":2,"featured_media":7334,"comment_status":"closed","ping_status":"open","sticky":false,"template":"","format":"standard","meta":{"_acf_changed":false,"footnotes":""},"categories":[18,27],"tags":[],"class_list":["post-7350","post","type-post","status-publish","format-standard","has-post-thumbnail","hentry","category-events-and-fundraisers","category-philanthropic-news"],"acf":[],"_links":{"self":[{"href":"https:\/\/fondationduchum.com\/en\/wp-json\/wp\/v2\/posts\/7350","targetHints":{"allow":["GET"]}}],"collection":[{"href":"https:\/\/fondationduchum.com\/en\/wp-json\/wp\/v2\/posts"}],"about":[{"href":"https:\/\/fondationduchum.com\/en\/wp-json\/wp\/v2\/types\/post"}],"author":[{"embeddable":true,"href":"https:\/\/fondationduchum.com\/en\/wp-json\/wp\/v2\/users\/2"}],"replies":[{"embeddable":true,"href":"https:\/\/fondationduchum.com\/en\/wp-json\/wp\/v2\/comments?post=7350"}],"version-history":[{"count":3,"href":"https:\/\/fondationduchum.com\/en\/wp-json\/wp\/v2\/posts\/7350\/revisions"}],"predecessor-version":[{"id":7362,"href":"https:\/\/fondationduchum.com\/en\/wp-json\/wp\/v2\/posts\/7350\/revisions\/7362"}],"wp:featuredmedia":[{"embeddable":true,"href":"https:\/\/fondationduchum.com\/en\/wp-json\/wp\/v2\/media\/7334"}],"wp:attachment":[{"href":"https:\/\/fondationduchum.com\/en\/wp-json\/wp\/v2\/media?parent=7350"}],"wp:term":[{"taxonomy":"category","embeddable":true,"href":"https:\/\/fondationduchum.com\/en\/wp-json\/wp\/v2\/categories?post=7350"},{"taxonomy":"post_tag","embeddable":true,"href":"https:\/\/fondationduchum.com\/en\/wp-json\/wp\/v2\/tags?post=7350"}],"curies":[{"name":"wp","href":"https:\/\/api.w.org\/{rel}","templated":true}]}}